{"id":152,"date":"2024-12-17T21:53:29","date_gmt":"2024-12-17T20:53:29","guid":{"rendered":"https:\/\/calin-crochete.ch\/?p=152"},"modified":"2024-12-20T22:24:15","modified_gmt":"2024-12-20T21:24:15","slug":"chien-porte-cles","status":"publish","type":"post","link":"https:\/\/calin-crochete.ch\/index.php\/2024\/12\/17\/chien-porte-cles\/","title":{"rendered":"Chien Porte-Cl\u00e9s"},"content":{"rendered":"\n<p>Vous cherchez un porte-cl\u00e9s super chou ? Vous \u00eates au bon endroit !<\/p>\n\n\n\n<p>Ce petit chien, avec ses grandes oreilles et son museau et ses yeux adorables, est le porte-clef que tout le monde aimerait avoir. Ici brun et beige, il peut aborder plusieurs couleurs en fonction de vos pr\u00e9f\u00e9rences.<\/p>\n\n\n\n<p>Fabriqu\u00e9 avec des mat\u00e9rieux de bonne qualit\u00e9 et avec beaucoup d&#8217;amour, ce porte-cl\u00e9s chien n&#8217;attend que vous ! \ud83d\udc36\ud83e\udd0d\ud83e\udd0e<\/p>\n","protected":false},"excerpt":{"rendered":"<p>Vous cherchez un porte-cl\u00e9s super chou ? Vous \u00eates au bon endroit ! Ce petit [&hellip;]<\/p>\n","protected":false},"author":1,"featured_media":117,"comment_status":"open","ping_status":"open","sticky":false,"template":"","format":"standard","meta":{"iawp_total_views":12,"footnotes":""},"categories":[2],"tags":[],"class_list":["post-152","post","type-post","status-publish","format-standard","has-post-thumbnail","hentry","category-doudou"],"_links":{"self":[{"href":"https:\/\/calin-crochete.ch\/index.php\/wp-json\/wp\/v2\/posts\/152","targetHints":{"allow":["GET"]}}],"collection":[{"href":"https:\/\/calin-crochete.ch\/index.php\/wp-json\/wp\/v2\/posts"}],"about":[{"href":"https:\/\/calin-crochete.ch\/index.php\/wp-json\/wp\/v2\/types\/post"}],"author":[{"embeddable":true,"href":"https:\/\/calin-crochete.ch\/index.php\/wp-json\/wp\/v2\/users\/1"}],"replies":[{"embeddable":true,"href":"https:\/\/calin-crochete.ch\/index.php\/wp-json\/wp\/v2\/comments?post=152"}],"version-history":[{"count":1,"href":"https:\/\/calin-crochete.ch\/index.php\/wp-json\/wp\/v2\/posts\/152\/revisions"}],"predecessor-version":[{"id":153,"href":"https:\/\/calin-crochete.ch\/index.php\/wp-json\/wp\/v2\/posts\/152\/revisions\/153"}],"wp:featuredmedia":[{"embeddable":true,"href":"https:\/\/calin-crochete.ch\/index.php\/wp-json\/wp\/v2\/media\/117"}],"wp:attachment":[{"href":"https:\/\/calin-crochete.ch\/index.php\/wp-json\/wp\/v2\/media?parent=152"}],"wp:term":[{"taxonomy":"category","embeddable":true,"href":"https:\/\/calin-crochete.ch\/index.php\/wp-json\/wp\/v2\/categories?post=152"},{"taxonomy":"post_tag","embeddable":true,"href":"https:\/\/calin-crochete.ch\/index.php\/wp-json\/wp\/v2\/tags?post=152"}],"curies":[{"name":"wp","href":"https:\/\/api.w.org\/{rel}","templated":true}]}}