{"id":18,"date":"2024-11-27T15:07:04","date_gmt":"2024-11-27T14:07:04","guid":{"rendered":"https:\/\/www.calin-crochete.ch\/?p=18"},"modified":"2024-12-17T21:27:32","modified_gmt":"2024-12-17T20:27:32","slug":"est-ce-que-quelquun-peut-madopter","status":"publish","type":"post","link":"https:\/\/calin-crochete.ch\/index.php\/2024\/11\/27\/est-ce-que-quelquun-peut-madopter\/","title":{"rendered":"L&#8217;Ours \u00e0 l&#8217;\u00c9charpe"},"content":{"rendered":"\n<p>Rencontrez notre adorable ours brun clair en peluche, \u00e9l\u00e9gant et r\u00e9confortant avec sa douce \u00e9charpe bleue. Avec son pelage moelleux et son regard chaleureux, il est le compagnon parfait pour les c\u00e2lins et les moments de tendresse.<\/p>\n\n\n\n<p>Fabriqu\u00e9 avec soin \u00e0 partir de mat\u00e9riaux de qualit\u00e9, cet ours raffin\u00e9 est pr\u00eat \u00e0 apporter confort et style \u00e0 toutes les aventures de votre enfant.<\/p>\n\n\n\n<p>Adoptez ce charmant ours et laissez-le devenir le h\u00e9ros des c\u00e2lins tout en douceur ! \ud83e\uddf8\ud83d\udc99<\/p>\n\n\n\n<p><\/p>\n","protected":false},"excerpt":{"rendered":"<p>Rencontrez notre adorable ours brun clair en peluche, \u00e9l\u00e9gant et r\u00e9confortant avec sa douce \u00e9charpe [&hellip;]<\/p>\n","protected":false},"author":1,"featured_media":21,"comment_status":"open","ping_status":"open","sticky":false,"template":"","format":"standard","meta":{"iawp_total_views":5,"footnotes":""},"categories":[2],"tags":[],"class_list":["post-18","post","type-post","status-publish","format-standard","has-post-thumbnail","hentry","category-doudou"],"_links":{"self":[{"href":"https:\/\/calin-crochete.ch\/index.php\/wp-json\/wp\/v2\/posts\/18","targetHints":{"allow":["GET"]}}],"collection":[{"href":"https:\/\/calin-crochete.ch\/index.php\/wp-json\/wp\/v2\/posts"}],"about":[{"href":"https:\/\/calin-crochete.ch\/index.php\/wp-json\/wp\/v2\/types\/post"}],"author":[{"embeddable":true,"href":"https:\/\/calin-crochete.ch\/index.php\/wp-json\/wp\/v2\/users\/1"}],"replies":[{"embeddable":true,"href":"https:\/\/calin-crochete.ch\/index.php\/wp-json\/wp\/v2\/comments?post=18"}],"version-history":[{"count":5,"href":"https:\/\/calin-crochete.ch\/index.php\/wp-json\/wp\/v2\/posts\/18\/revisions"}],"predecessor-version":[{"id":147,"href":"https:\/\/calin-crochete.ch\/index.php\/wp-json\/wp\/v2\/posts\/18\/revisions\/147"}],"wp:featuredmedia":[{"embeddable":true,"href":"https:\/\/calin-crochete.ch\/index.php\/wp-json\/wp\/v2\/media\/21"}],"wp:attachment":[{"href":"https:\/\/calin-crochete.ch\/index.php\/wp-json\/wp\/v2\/media?parent=18"}],"wp:term":[{"taxonomy":"category","embeddable":true,"href":"https:\/\/calin-crochete.ch\/index.php\/wp-json\/wp\/v2\/categories?post=18"},{"taxonomy":"post_tag","embeddable":true,"href":"https:\/\/calin-crochete.ch\/index.php\/wp-json\/wp\/v2\/tags?post=18"}],"curies":[{"name":"wp","href":"https:\/\/api.w.org\/{rel}","templated":true}]}}