{"id":232,"date":"2025-01-15T21:51:51","date_gmt":"2025-01-15T20:51:51","guid":{"rendered":"https:\/\/calin-crochete.ch\/?p=232"},"modified":"2025-01-15T21:52:26","modified_gmt":"2025-01-15T20:52:26","slug":"adorable-peluche-paresseux","status":"publish","type":"post","link":"https:\/\/calin-crochete.ch\/index.php\/2025\/01\/15\/adorable-peluche-paresseux\/","title":{"rendered":"Adorable Peluche Paresseux"},"content":{"rendered":"\n<p>Rencontrez notre adorable peluche paresseux faite \u00e0 la main au crochet ! <\/p>\n\n\n\n<p>Confectionn\u00e9e avec amour \u00e0 partir d\u2019un fil doux et textur\u00e9 dans des teintes chaleureuses de beige et de cr\u00e8me, cette peluche c\u00e2line arbore des d\u00e9tails charmants, notamment de grands yeux brillants et un sourire joyeux. <\/p>\n\n\n\n<p>Parfaitement dimensionn\u00e9 pour les petites mains ou comme pi\u00e8ce d\u00e9corative, ce paresseux apporte charme et chaleur \u00e0 tout environnement. Son design durable garantit qu\u2019il est \u00e0 la fois un compagnon de jeu et un tr\u00e9sor \u00e0 conserver. <\/p>\n\n\n\n<p>Id\u00e9al pour les amateurs de paresseux et tous ceux qui appr\u00e9cient les cr\u00e9ations artisanales uniques !<\/p>\n","protected":false},"excerpt":{"rendered":"<p>Rencontrez notre adorable peluche paresseux faite \u00e0 la main au crochet ! Confectionn\u00e9e avec amour [&hellip;]<\/p>\n","protected":false},"author":1,"featured_media":233,"comment_status":"open","ping_status":"open","sticky":false,"template":"","format":"standard","meta":{"iawp_total_views":17,"footnotes":""},"categories":[2],"tags":[],"class_list":["post-232","post","type-post","status-publish","format-standard","has-post-thumbnail","hentry","category-doudou"],"_links":{"self":[{"href":"https:\/\/calin-crochete.ch\/index.php\/wp-json\/wp\/v2\/posts\/232","targetHints":{"allow":["GET"]}}],"collection":[{"href":"https:\/\/calin-crochete.ch\/index.php\/wp-json\/wp\/v2\/posts"}],"about":[{"href":"https:\/\/calin-crochete.ch\/index.php\/wp-json\/wp\/v2\/types\/post"}],"author":[{"embeddable":true,"href":"https:\/\/calin-crochete.ch\/index.php\/wp-json\/wp\/v2\/users\/1"}],"replies":[{"embeddable":true,"href":"https:\/\/calin-crochete.ch\/index.php\/wp-json\/wp\/v2\/comments?post=232"}],"version-history":[{"count":2,"href":"https:\/\/calin-crochete.ch\/index.php\/wp-json\/wp\/v2\/posts\/232\/revisions"}],"predecessor-version":[{"id":235,"href":"https:\/\/calin-crochete.ch\/index.php\/wp-json\/wp\/v2\/posts\/232\/revisions\/235"}],"wp:featuredmedia":[{"embeddable":true,"href":"https:\/\/calin-crochete.ch\/index.php\/wp-json\/wp\/v2\/media\/233"}],"wp:attachment":[{"href":"https:\/\/calin-crochete.ch\/index.php\/wp-json\/wp\/v2\/media?parent=232"}],"wp:term":[{"taxonomy":"category","embeddable":true,"href":"https:\/\/calin-crochete.ch\/index.php\/wp-json\/wp\/v2\/categories?post=232"},{"taxonomy":"post_tag","embeddable":true,"href":"https:\/\/calin-crochete.ch\/index.php\/wp-json\/wp\/v2\/tags?post=232"}],"curies":[{"name":"wp","href":"https:\/\/api.w.org\/{rel}","templated":true}]}}