{"id":30,"date":"2024-11-27T15:15:17","date_gmt":"2024-11-27T14:15:17","guid":{"rendered":"https:\/\/www.calin-crochete.ch\/?p=30"},"modified":"2024-12-17T21:25:20","modified_gmt":"2024-12-17T20:25:20","slug":"jai-perdu-mon-eclat","status":"publish","type":"post","link":"https:\/\/calin-crochete.ch\/index.php\/2024\/11\/27\/jai-perdu-mon-eclat\/","title":{"rendered":"Les Dragons"},"content":{"rendered":"\n<p>Laissez-vous charmer par notre petit dragon bleu en peluche, un compagnon f\u00e9\u00e9rique et plein de douceur. Avec ses \u00e9cailles scintillantes, ses ailes majestueuses et sa texture moelleuse, il transporte petits et grands dans un monde d\u2019aventure et de r\u00eave.<\/p>\n\n\n\n<p>Fabriqu\u00e9 avec soin \u00e0 partir de mat\u00e9riaux de qualit\u00e9, ce dragon est aussi doux qu\u2019imaginatif, pr\u00eat \u00e0 devenir le gardien des r\u00eaves de votre enfant.<\/p>\n\n\n\n<p>Adoptez ce merveilleux dragon bleu et ajoutez une touche de magie \u00e0 chaque c\u00e2lin ! \ud83d\udc09\u2728<\/p>\n\n\n\n<p><\/p>\n","protected":false},"excerpt":{"rendered":"<p>Laissez-vous charmer par notre petit dragon bleu en peluche, un compagnon f\u00e9\u00e9rique et plein de [&hellip;]<\/p>\n","protected":false},"author":1,"featured_media":31,"comment_status":"open","ping_status":"open","sticky":false,"template":"","format":"standard","meta":{"iawp_total_views":4,"footnotes":""},"categories":[2],"tags":[],"class_list":["post-30","post","type-post","status-publish","format-standard","has-post-thumbnail","hentry","category-doudou"],"_links":{"self":[{"href":"https:\/\/calin-crochete.ch\/index.php\/wp-json\/wp\/v2\/posts\/30","targetHints":{"allow":["GET"]}}],"collection":[{"href":"https:\/\/calin-crochete.ch\/index.php\/wp-json\/wp\/v2\/posts"}],"about":[{"href":"https:\/\/calin-crochete.ch\/index.php\/wp-json\/wp\/v2\/types\/post"}],"author":[{"embeddable":true,"href":"https:\/\/calin-crochete.ch\/index.php\/wp-json\/wp\/v2\/users\/1"}],"replies":[{"embeddable":true,"href":"https:\/\/calin-crochete.ch\/index.php\/wp-json\/wp\/v2\/comments?post=30"}],"version-history":[{"count":3,"href":"https:\/\/calin-crochete.ch\/index.php\/wp-json\/wp\/v2\/posts\/30\/revisions"}],"predecessor-version":[{"id":144,"href":"https:\/\/calin-crochete.ch\/index.php\/wp-json\/wp\/v2\/posts\/30\/revisions\/144"}],"wp:featuredmedia":[{"embeddable":true,"href":"https:\/\/calin-crochete.ch\/index.php\/wp-json\/wp\/v2\/media\/31"}],"wp:attachment":[{"href":"https:\/\/calin-crochete.ch\/index.php\/wp-json\/wp\/v2\/media?parent=30"}],"wp:term":[{"taxonomy":"category","embeddable":true,"href":"https:\/\/calin-crochete.ch\/index.php\/wp-json\/wp\/v2\/categories?post=30"},{"taxonomy":"post_tag","embeddable":true,"href":"https:\/\/calin-crochete.ch\/index.php\/wp-json\/wp\/v2\/tags?post=30"}],"curies":[{"name":"wp","href":"https:\/\/api.w.org\/{rel}","templated":true}]}}