{"id":94,"date":"2024-12-12T20:34:24","date_gmt":"2024-12-12T19:34:24","guid":{"rendered":"https:\/\/calin-crochete.ch\/?p=94"},"modified":"2024-12-17T21:16:20","modified_gmt":"2024-12-17T20:16:20","slug":"essaim-dabeilles-en-peluche-adorables","status":"publish","type":"post","link":"https:\/\/calin-crochete.ch\/index.php\/2024\/12\/12\/essaim-dabeilles-en-peluche-adorables\/","title":{"rendered":"Essaim d\u2019Abeilles Adorables"},"content":{"rendered":"\n<p>D\u00e9couvrez ces charmantes petites abeilles en peluche, parfaites pour ajouter une touche de joie et de douceur. Avec leurs rayures noires et jaunes, leurs joues ros\u00e9es et leurs adorables petites ailes blanches, elles affichent un sourire qui illumine les c\u0153urs.<\/p>\n\n\n\n<p>Fabriqu\u00e9es avec des mat\u00e9riaux doux et de qualit\u00e9, ces abeilles sont id\u00e9ales comme d\u00e9corations, cadeaux ou compagnons de jeu. Leur design mignon et leur taille compacte en font des objets irr\u00e9sistibles pour les amateurs de tendresse et d\u2019originalit\u00e9.<\/p>\n\n\n\n<p>Adoptez ces adorables abeilles en peluche et laissez leur \u00e9nergie positive bourdonnante embellir votre quotidien ! \ud83d\udc1d\ud83d\udc9b<\/p>\n","protected":false},"excerpt":{"rendered":"<p>D\u00e9couvrez ces charmantes petites abeilles en peluche, parfaites pour ajouter une touche de joie et [&hellip;]<\/p>\n","protected":false},"author":1,"featured_media":95,"comment_status":"open","ping_status":"open","sticky":false,"template":"","format":"standard","meta":{"iawp_total_views":3,"footnotes":""},"categories":[2],"tags":[],"class_list":["post-94","post","type-post","status-publish","format-standard","has-post-thumbnail","hentry","category-doudou"],"_links":{"self":[{"href":"https:\/\/calin-crochete.ch\/index.php\/wp-json\/wp\/v2\/posts\/94","targetHints":{"allow":["GET"]}}],"collection":[{"href":"https:\/\/calin-crochete.ch\/index.php\/wp-json\/wp\/v2\/posts"}],"about":[{"href":"https:\/\/calin-crochete.ch\/index.php\/wp-json\/wp\/v2\/types\/post"}],"author":[{"embeddable":true,"href":"https:\/\/calin-crochete.ch\/index.php\/wp-json\/wp\/v2\/users\/1"}],"replies":[{"embeddable":true,"href":"https:\/\/calin-crochete.ch\/index.php\/wp-json\/wp\/v2\/comments?post=94"}],"version-history":[{"count":2,"href":"https:\/\/calin-crochete.ch\/index.php\/wp-json\/wp\/v2\/posts\/94\/revisions"}],"predecessor-version":[{"id":135,"href":"https:\/\/calin-crochete.ch\/index.php\/wp-json\/wp\/v2\/posts\/94\/revisions\/135"}],"wp:featuredmedia":[{"embeddable":true,"href":"https:\/\/calin-crochete.ch\/index.php\/wp-json\/wp\/v2\/media\/95"}],"wp:attachment":[{"href":"https:\/\/calin-crochete.ch\/index.php\/wp-json\/wp\/v2\/media?parent=94"}],"wp:term":[{"taxonomy":"category","embeddable":true,"href":"https:\/\/calin-crochete.ch\/index.php\/wp-json\/wp\/v2\/categories?post=94"},{"taxonomy":"post_tag","embeddable":true,"href":"https:\/\/calin-crochete.ch\/index.php\/wp-json\/wp\/v2\/tags?post=94"}],"curies":[{"name":"wp","href":"https:\/\/api.w.org\/{rel}","templated":true}]}}